{"id":1218,"date":"2022-02-05T11:58:23","date_gmt":"2022-02-05T10:58:23","guid":{"rendered":"http:\/\/www.accademiadeicameristi.com\/?p=1218"},"modified":"2022-02-05T11:58:23","modified_gmt":"2022-02-05T10:58:23","slug":"martedi-8-febbraio-ore-2030-teatro-sociale-fasano","status":"publish","type":"post","link":"https:\/\/www.accademiadeicameristi.com\/?p=1218","title":{"rendered":"MARTEDI&#8217; 8 FEBBRAIO ORE 20:30 TEATRO SOCIALE &#8211; FASANO"},"content":{"rendered":"<h1>RESPIGHI &#8211; NOV\u00c1CH &#8211; DVO\u0158\u00c1K<\/h1>\n<p>Fabiola Tedesco &#8211; violino<br \/>\nLeonardo Ascione &#8211; violoncello<br \/>\nFederico Pulina &#8211; pianoforte<\/p>\n<p><a href=\".\/locandine\/8_2_22%20Fasano.pdf\" target=\"_blank\">LEGGI IL RROGRAMMA COMPLETO<\/a><\/p>\n","protected":false},"excerpt":{"rendered":"<p>RESPIGHI &#8211; NOV\u00c1CH &#8211; DVO\u0158\u00c1K Fabiola Tedesco &#8211; violino Leonardo Ascione &#8211; violoncello Federico Pulina &#8211; pianoforte LEGGI IL RROGRAMMA COMPLETO<\/p>\n","protected":false},"author":1,"featured_media":0,"comment_status":"closed","ping_status":"open","sticky":false,"template":"","format":"standard","meta":{"footnotes":""},"categories":[3],"tags":[],"_links":{"self":[{"href":"https:\/\/www.accademiadeicameristi.com\/index.php?rest_route=\/wp\/v2\/posts\/1218"}],"collection":[{"href":"https:\/\/www.accademiadeicameristi.com\/index.php?rest_route=\/wp\/v2\/posts"}],"about":[{"href":"https:\/\/www.accademiadeicameristi.com\/index.php?rest_route=\/wp\/v2\/types\/post"}],"author":[{"embeddable":true,"href":"https:\/\/www.accademiadeicameristi.com\/index.php?rest_route=\/wp\/v2\/users\/1"}],"replies":[{"embeddable":true,"href":"https:\/\/www.accademiadeicameristi.com\/index.php?rest_route=%2Fwp%2Fv2%2Fcomments&post=1218"}],"version-history":[{"count":1,"href":"https:\/\/www.accademiadeicameristi.com\/index.php?rest_route=\/wp\/v2\/posts\/1218\/revisions"}],"predecessor-version":[{"id":1219,"href":"https:\/\/www.accademiadeicameristi.com\/index.php?rest_route=\/wp\/v2\/posts\/1218\/revisions\/1219"}],"wp:attachment":[{"href":"https:\/\/www.accademiadeicameristi.com\/index.php?rest_route=%2Fwp%2Fv2%2Fmedia&parent=1218"}],"wp:term":[{"taxonomy":"category","embeddable":true,"href":"https:\/\/www.accademiadeicameristi.com\/index.php?rest_route=%2Fwp%2Fv2%2Fcategories&post=1218"},{"taxonomy":"post_tag","embeddable":true,"href":"https:\/\/www.accademiadeicameristi.com\/index.php?rest_route=%2Fwp%2Fv2%2Ftags&post=1218"}],"curies":[{"name":"wp","href":"https:\/\/api.w.org\/{rel}","templated":true}]}}